{"id":528,"date":"2018-06-21T17:11:30","date_gmt":"2018-06-21T17:11:30","guid":{"rendered":"http:\/\/hundesalon-kelheim.de\/?p=528"},"modified":"2018-08-18T15:28:39","modified_gmt":"2018-08-18T15:28:39","slug":"muensterlaender-mix-kira","status":"publish","type":"post","link":"https:\/\/hundesalon-kelheim.de\/?p=528","title":{"rendered":"M\u00fcnsterl\u00e4nder Mix &#8211; Kira"},"content":{"rendered":"<h5>Die h\u00fcbsche Kira durfte ihren Wollpullover (Unterwolle) ablegen.<\/h5>\n<h5><img loading=\"lazy\" decoding=\"async\" class=\"alignnone size-large wp-image-523\" src=\"https:\/\/hundesalon-kelheim.de\/wp-content\/uploads\/2018\/06\/kira2-1024x850.jpg\" alt=\"\" width=\"720\" height=\"598\" srcset=\"https:\/\/hundesalon-kelheim.de\/wp-content\/uploads\/2018\/06\/kira2-1024x850.jpg 1024w, https:\/\/hundesalon-kelheim.de\/wp-content\/uploads\/2018\/06\/kira2-300x249.jpg 300w, https:\/\/hundesalon-kelheim.de\/wp-content\/uploads\/2018\/06\/kira2-768x638.jpg 768w\" sizes=\"auto, (max-width: 720px) 100vw, 720px\" \/><\/h5>\n","protected":false},"excerpt":{"rendered":"<p>Die h\u00fcbsche Kira durfte ihren Wollpullover (Unterwolle) ablegen.<\/p>\n","protected":false},"author":1,"featured_media":0,"comment_status":"closed","ping_status":"closed","sticky":false,"template":"","format":"standard","meta":{"footnotes":""},"categories":[31,8],"tags":[],"class_list":["post-528","post","type-post","status-publish","format-standard","hentry","category-seite-4","category-vorhernachher"],"_links":{"self":[{"href":"https:\/\/hundesalon-kelheim.de\/index.php?rest_route=\/wp\/v2\/posts\/528","targetHints":{"allow":["GET"]}}],"collection":[{"href":"https:\/\/hundesalon-kelheim.de\/index.php?rest_route=\/wp\/v2\/posts"}],"about":[{"href":"https:\/\/hundesalon-kelheim.de\/index.php?rest_route=\/wp\/v2\/types\/post"}],"author":[{"embeddable":true,"href":"https:\/\/hundesalon-kelheim.de\/index.php?rest_route=\/wp\/v2\/users\/1"}],"replies":[{"embeddable":true,"href":"https:\/\/hundesalon-kelheim.de\/index.php?rest_route=%2Fwp%2Fv2%2Fcomments&post=528"}],"version-history":[{"count":2,"href":"https:\/\/hundesalon-kelheim.de\/index.php?rest_route=\/wp\/v2\/posts\/528\/revisions"}],"predecessor-version":[{"id":530,"href":"https:\/\/hundesalon-kelheim.de\/index.php?rest_route=\/wp\/v2\/posts\/528\/revisions\/530"}],"wp:attachment":[{"href":"https:\/\/hundesalon-kelheim.de\/index.php?rest_route=%2Fwp%2Fv2%2Fmedia&parent=528"}],"wp:term":[{"taxonomy":"category","embeddable":true,"href":"https:\/\/hundesalon-kelheim.de\/index.php?rest_route=%2Fwp%2Fv2%2Fcategories&post=528"},{"taxonomy":"post_tag","embeddable":true,"href":"https:\/\/hundesalon-kelheim.de\/index.php?rest_route=%2Fwp%2Fv2%2Ftags&post=528"}],"curies":[{"name":"wp","href":"https:\/\/api.w.org\/{rel}","templated":true}]}}